{"id":1754,"date":"2023-03-25T01:55:47","date_gmt":"2023-03-25T01:55:47","guid":{"rendered":"https:\/\/www.servista.cz\/uncategorized\/asistence-na-karline-oprava-defektu-a-vymena-za-rezervu\/"},"modified":"2023-03-25T01:55:47","modified_gmt":"2023-03-25T01:55:47","slug":"asistence-na-karline-oprava-defektu-a-vymena-za-rezervu","status":"publish","type":"post","link":"https:\/\/www.servista.cz\/en\/refernce-mobilniho-pneuservisu-en\/asistence-na-karline-oprava-defektu-a-vymena-za-rezervu\/","title":{"rendered":"Asistence na Karl\u00edn\u011b &#8211; oprava defektu a v\u00fdm\u011bna za rezervu"},"content":{"rendered":"<p><img fetchpriority=\"high\" decoding=\"async\" class=\"aligncenter size-full wp-image-1553\" src=\"https:\/\/www.servista.cz\/wp-content\/uploads\/2022\/02\/asistence-na-karline-oprava-defektu-a-vymena-za-rezervu.jpg\" alt=\"Asistence na Karl\u00edn\u011b - oprava defektu a v\u00fdm\u011bna za rezervu\" width=\"1440\" height=\"1920\" srcset=\"https:\/\/www.servista.cz\/wp-content\/uploads\/2022\/02\/asistence-na-karline-oprava-defektu-a-vymena-za-rezervu.jpg 1440w, https:\/\/www.servista.cz\/wp-content\/uploads\/2022\/02\/asistence-na-karline-oprava-defektu-a-vymena-za-rezervu-768x1024.jpg 768w, https:\/\/www.servista.cz\/wp-content\/uploads\/2022\/02\/asistence-na-karline-oprava-defektu-a-vymena-za-rezervu-960x1280.jpg 960w, https:\/\/www.servista.cz\/wp-content\/uploads\/2022\/02\/asistence-na-karline-oprava-defektu-a-vymena-za-rezervu-1152x1536.jpg 1152w\" sizes=\"(max-width: 1440px) 100vw, 1440px\" \/><\/p>\n<p><img decoding=\"async\" class=\"aligncenter size-full wp-image-1551\" src=\"https:\/\/www.servista.cz\/wp-content\/uploads\/2022\/02\/asistence-na-karline-oprava-defektu-a-vymena-za-rezervu-1.jpg\" alt=\"Asistence na Karl\u00edn\u011b - oprava defektu a v\u00fdm\u011bna za rezervu\" width=\"1920\" height=\"1440\" srcset=\"https:\/\/www.servista.cz\/wp-content\/uploads\/2022\/02\/asistence-na-karline-oprava-defektu-a-vymena-za-rezervu-1.jpg 1920w, https:\/\/www.servista.cz\/wp-content\/uploads\/2022\/02\/asistence-na-karline-oprava-defektu-a-vymena-za-rezervu-1-1024x768.jpg 1024w, https:\/\/www.servista.cz\/wp-content\/uploads\/2022\/02\/asistence-na-karline-oprava-defektu-a-vymena-za-rezervu-1-1707x1280.jpg 1707w, https:\/\/www.servista.cz\/wp-content\/uploads\/2022\/02\/asistence-na-karline-oprava-defektu-a-vymena-za-rezervu-1-768x576.jpg 768w, https:\/\/www.servista.cz\/wp-content\/uploads\/2022\/02\/asistence-na-karline-oprava-defektu-a-vymena-za-rezervu-1-1536x1152.jpg 1536w\" sizes=\"(max-width: 1920px) 100vw, 1920px\" \/><\/p>\n","protected":false},"excerpt":{"rendered":"","protected":false},"author":4,"featured_media":1550,"comment_status":"open","ping_status":"open","sticky":false,"template":"","format":"standard","meta":{"footnotes":""},"categories":[31],"tags":[32],"class_list":["post-1754","post","type-post","status-publish","format-standard","has-post-thumbnail","hentry","category-refernce-mobilniho-pneuservisu-en","tag-mobilni-pneuservis-en"],"yoast_head":"<!-- This site is optimized with the Yoast SEO plugin v27.5 - https:\/\/yoast.com\/product\/yoast-seo-wordpress\/ -->\n<title>Asistence na Karl\u00edn\u011b - oprava defektu a v\u00fdm\u011bna za rezervu - SERVISTA<\/title>\n<meta name=\"description\" content=\"Asistence na Karl\u00edn\u011b - oprava defektu a v\u00fdm\u011bna za rezervu ... Asistence na Karl\u00edn\u011b - oprava defektu a v\u00fdm\u011bna za rezervu ... mobiln\u00ed pneuservis\" \/>\n<meta name=\"robots\" content=\"index, follow, max-snippet:-1, max-image-preview:large, max-video-preview:-1\" \/>\n<link rel=\"canonical\" href=\"https:\/\/www.servista.cz\/en\/refernce-mobilniho-pneuservisu-en\/asistence-na-karline-oprava-defektu-a-vymena-za-rezervu\/\" \/>\n<meta property=\"og:locale\" content=\"en_US\" \/>\n<meta property=\"og:type\" content=\"article\" \/>\n<meta property=\"og:title\" content=\"Asistence na Karl\u00edn\u011b - oprava defektu a v\u00fdm\u011bna za rezervu - SERVISTA\" \/>\n<meta property=\"og:description\" content=\"Asistence na Karl\u00edn\u011b - oprava defektu a v\u00fdm\u011bna za rezervu ... Asistence na Karl\u00edn\u011b - oprava defektu a v\u00fdm\u011bna za rezervu ... mobiln\u00ed pneuservis\" \/>\n<meta property=\"og:url\" content=\"https:\/\/www.servista.cz\/en\/refernce-mobilniho-pneuservisu-en\/asistence-na-karline-oprava-defektu-a-vymena-za-rezervu\/\" \/>\n<meta property=\"og:site_name\" content=\"SERVISTA\" \/>\n<meta property=\"article:published_time\" content=\"2023-03-25T01:55:47+00:00\" \/>\n<meta property=\"og:image\" content=\"https:\/\/www.servista.cz\/wp-content\/uploads\/2022\/02\/asistence-na-karline-oprava-defektu-a-vymena-za-rezervu-2.jpg\" \/>\n\t<meta property=\"og:image:width\" content=\"1920\" \/>\n\t<meta property=\"og:image:height\" content=\"1440\" \/>\n\t<meta property=\"og:image:type\" content=\"image\/jpeg\" \/>\n<meta name=\"author\" content=\"Mideo\" \/>\n<meta name=\"twitter:card\" content=\"summary_large_image\" \/>\n<meta name=\"twitter:label1\" content=\"Written by\" \/>\n\t<meta name=\"twitter:data1\" content=\"Mideo\" \/>\n<script type=\"application\/ld+json\" class=\"yoast-schema-graph\">{\"@context\":\"https:\\\/\\\/schema.org\",\"@graph\":[{\"@type\":\"Article\",\"@id\":\"https:\\\/\\\/www.servista.cz\\\/en\\\/refernce-mobilniho-pneuservisu-en\\\/asistence-na-karline-oprava-defektu-a-vymena-za-rezervu\\\/#article\",\"isPartOf\":{\"@id\":\"https:\\\/\\\/www.servista.cz\\\/en\\\/refernce-mobilniho-pneuservisu-en\\\/asistence-na-karline-oprava-defektu-a-vymena-za-rezervu\\\/\"},\"author\":{\"name\":\"Mideo\",\"@id\":\"https:\\\/\\\/www.servista.cz\\\/en\\\/#\\\/schema\\\/person\\\/ab6141afc37de491502d00e093ebb6f2\"},\"headline\":\"Asistence na Karl\u00edn\u011b &#8211; oprava defektu a v\u00fdm\u011bna za rezervu\",\"datePublished\":\"2023-03-25T01:55:47+00:00\",\"mainEntityOfPage\":{\"@id\":\"https:\\\/\\\/www.servista.cz\\\/en\\\/refernce-mobilniho-pneuservisu-en\\\/asistence-na-karline-oprava-defektu-a-vymena-za-rezervu\\\/\"},\"wordCount\":13,\"commentCount\":0,\"image\":{\"@id\":\"https:\\\/\\\/www.servista.cz\\\/en\\\/refernce-mobilniho-pneuservisu-en\\\/asistence-na-karline-oprava-defektu-a-vymena-za-rezervu\\\/#primaryimage\"},\"thumbnailUrl\":\"https:\\\/\\\/www.servista.cz\\\/wp-content\\\/uploads\\\/2022\\\/02\\\/asistence-na-karline-oprava-defektu-a-vymena-za-rezervu-2.jpg\",\"keywords\":[\"mobiln\u00ed pneuservis\"],\"articleSection\":[\"Refernce mobiln\u00edho pneuservisu\"],\"inLanguage\":\"en-US\",\"potentialAction\":[{\"@type\":\"CommentAction\",\"name\":\"Comment\",\"target\":[\"https:\\\/\\\/www.servista.cz\\\/en\\\/refernce-mobilniho-pneuservisu-en\\\/asistence-na-karline-oprava-defektu-a-vymena-za-rezervu\\\/#respond\"]}]},{\"@type\":\"WebPage\",\"@id\":\"https:\\\/\\\/www.servista.cz\\\/en\\\/refernce-mobilniho-pneuservisu-en\\\/asistence-na-karline-oprava-defektu-a-vymena-za-rezervu\\\/\",\"url\":\"https:\\\/\\\/www.servista.cz\\\/en\\\/refernce-mobilniho-pneuservisu-en\\\/asistence-na-karline-oprava-defektu-a-vymena-za-rezervu\\\/\",\"name\":\"Asistence na Karl\u00edn\u011b - oprava defektu a v\u00fdm\u011bna za rezervu - SERVISTA\",\"isPartOf\":{\"@id\":\"https:\\\/\\\/www.servista.cz\\\/en\\\/#website\"},\"primaryImageOfPage\":{\"@id\":\"https:\\\/\\\/www.servista.cz\\\/en\\\/refernce-mobilniho-pneuservisu-en\\\/asistence-na-karline-oprava-defektu-a-vymena-za-rezervu\\\/#primaryimage\"},\"image\":{\"@id\":\"https:\\\/\\\/www.servista.cz\\\/en\\\/refernce-mobilniho-pneuservisu-en\\\/asistence-na-karline-oprava-defektu-a-vymena-za-rezervu\\\/#primaryimage\"},\"thumbnailUrl\":\"https:\\\/\\\/www.servista.cz\\\/wp-content\\\/uploads\\\/2022\\\/02\\\/asistence-na-karline-oprava-defektu-a-vymena-za-rezervu-2.jpg\",\"datePublished\":\"2023-03-25T01:55:47+00:00\",\"author\":{\"@id\":\"https:\\\/\\\/www.servista.cz\\\/en\\\/#\\\/schema\\\/person\\\/ab6141afc37de491502d00e093ebb6f2\"},\"description\":\"Asistence na Karl\u00edn\u011b - oprava defektu a v\u00fdm\u011bna za rezervu ... Asistence na Karl\u00edn\u011b - oprava defektu a v\u00fdm\u011bna za rezervu ... mobiln\u00ed pneuservis\",\"breadcrumb\":{\"@id\":\"https:\\\/\\\/www.servista.cz\\\/en\\\/refernce-mobilniho-pneuservisu-en\\\/asistence-na-karline-oprava-defektu-a-vymena-za-rezervu\\\/#breadcrumb\"},\"inLanguage\":\"en-US\",\"potentialAction\":[{\"@type\":\"ReadAction\",\"target\":[\"https:\\\/\\\/www.servista.cz\\\/en\\\/refernce-mobilniho-pneuservisu-en\\\/asistence-na-karline-oprava-defektu-a-vymena-za-rezervu\\\/\"]}]},{\"@type\":\"ImageObject\",\"inLanguage\":\"en-US\",\"@id\":\"https:\\\/\\\/www.servista.cz\\\/en\\\/refernce-mobilniho-pneuservisu-en\\\/asistence-na-karline-oprava-defektu-a-vymena-za-rezervu\\\/#primaryimage\",\"url\":\"https:\\\/\\\/www.servista.cz\\\/wp-content\\\/uploads\\\/2022\\\/02\\\/asistence-na-karline-oprava-defektu-a-vymena-za-rezervu-2.jpg\",\"contentUrl\":\"https:\\\/\\\/www.servista.cz\\\/wp-content\\\/uploads\\\/2022\\\/02\\\/asistence-na-karline-oprava-defektu-a-vymena-za-rezervu-2.jpg\",\"width\":1920,\"height\":1440,\"caption\":\"Asistence na Karl\u00edn\u011b - oprava defektu a v\u00fdm\u011bna za rezervu\"},{\"@type\":\"BreadcrumbList\",\"@id\":\"https:\\\/\\\/www.servista.cz\\\/en\\\/refernce-mobilniho-pneuservisu-en\\\/asistence-na-karline-oprava-defektu-a-vymena-za-rezervu\\\/#breadcrumb\",\"itemListElement\":[{\"@type\":\"ListItem\",\"position\":1,\"name\":\"Dom\u016f\",\"item\":\"https:\\\/\\\/www.servista.cz\\\/en\\\/\"},{\"@type\":\"ListItem\",\"position\":2,\"name\":\"Asistence na Karl\u00edn\u011b &#8211; oprava defektu a v\u00fdm\u011bna za rezervu\"}]},{\"@type\":\"WebSite\",\"@id\":\"https:\\\/\\\/www.servista.cz\\\/en\\\/#website\",\"url\":\"https:\\\/\\\/www.servista.cz\\\/en\\\/\",\"name\":\"SERVISTA\",\"description\":\"Mobiln\u00ed pneuservis\",\"potentialAction\":[{\"@type\":\"SearchAction\",\"target\":{\"@type\":\"EntryPoint\",\"urlTemplate\":\"https:\\\/\\\/www.servista.cz\\\/en\\\/?s={search_term_string}\"},\"query-input\":{\"@type\":\"PropertyValueSpecification\",\"valueRequired\":true,\"valueName\":\"search_term_string\"}}],\"inLanguage\":\"en-US\"},{\"@type\":\"Person\",\"@id\":\"https:\\\/\\\/www.servista.cz\\\/en\\\/#\\\/schema\\\/person\\\/ab6141afc37de491502d00e093ebb6f2\",\"name\":\"Mideo\",\"image\":{\"@type\":\"ImageObject\",\"inLanguage\":\"en-US\",\"@id\":\"https:\\\/\\\/secure.gravatar.com\\\/avatar\\\/9c7b50180d5b3689aa17d71eaa6b5af3d8df38ee2b6becd9df14eeba9b891378?s=96&d=mm&r=g\",\"url\":\"https:\\\/\\\/secure.gravatar.com\\\/avatar\\\/9c7b50180d5b3689aa17d71eaa6b5af3d8df38ee2b6becd9df14eeba9b891378?s=96&d=mm&r=g\",\"contentUrl\":\"https:\\\/\\\/secure.gravatar.com\\\/avatar\\\/9c7b50180d5b3689aa17d71eaa6b5af3d8df38ee2b6becd9df14eeba9b891378?s=96&d=mm&r=g\",\"caption\":\"Mideo\"},\"url\":\"https:\\\/\\\/www.servista.cz\\\/en\\\/author\\\/mideo\\\/\"}]}<\/script>\n<!-- \/ Yoast SEO plugin. -->","yoast_head_json":{"title":"Asistence na Karl\u00edn\u011b - oprava defektu a v\u00fdm\u011bna za rezervu - SERVISTA","description":"Asistence na Karl\u00edn\u011b - oprava defektu a v\u00fdm\u011bna za rezervu ... Asistence na Karl\u00edn\u011b - oprava defektu a v\u00fdm\u011bna za rezervu ... mobiln\u00ed pneuservis","robots":{"index":"index","follow":"follow","max-snippet":"max-snippet:-1","max-image-preview":"max-image-preview:large","max-video-preview":"max-video-preview:-1"},"canonical":"https:\/\/www.servista.cz\/en\/refernce-mobilniho-pneuservisu-en\/asistence-na-karline-oprava-defektu-a-vymena-za-rezervu\/","og_locale":"en_US","og_type":"article","og_title":"Asistence na Karl\u00edn\u011b - oprava defektu a v\u00fdm\u011bna za rezervu - SERVISTA","og_description":"Asistence na Karl\u00edn\u011b - oprava defektu a v\u00fdm\u011bna za rezervu ... Asistence na Karl\u00edn\u011b - oprava defektu a v\u00fdm\u011bna za rezervu ... mobiln\u00ed pneuservis","og_url":"https:\/\/www.servista.cz\/en\/refernce-mobilniho-pneuservisu-en\/asistence-na-karline-oprava-defektu-a-vymena-za-rezervu\/","og_site_name":"SERVISTA","article_published_time":"2023-03-25T01:55:47+00:00","og_image":[{"width":1920,"height":1440,"url":"https:\/\/www.servista.cz\/wp-content\/uploads\/2022\/02\/asistence-na-karline-oprava-defektu-a-vymena-za-rezervu-2.jpg","type":"image\/jpeg"}],"author":"Mideo","twitter_card":"summary_large_image","twitter_misc":{"Written by":"Mideo"},"schema":{"@context":"https:\/\/schema.org","@graph":[{"@type":"Article","@id":"https:\/\/www.servista.cz\/en\/refernce-mobilniho-pneuservisu-en\/asistence-na-karline-oprava-defektu-a-vymena-za-rezervu\/#article","isPartOf":{"@id":"https:\/\/www.servista.cz\/en\/refernce-mobilniho-pneuservisu-en\/asistence-na-karline-oprava-defektu-a-vymena-za-rezervu\/"},"author":{"name":"Mideo","@id":"https:\/\/www.servista.cz\/en\/#\/schema\/person\/ab6141afc37de491502d00e093ebb6f2"},"headline":"Asistence na Karl\u00edn\u011b &#8211; oprava defektu a v\u00fdm\u011bna za rezervu","datePublished":"2023-03-25T01:55:47+00:00","mainEntityOfPage":{"@id":"https:\/\/www.servista.cz\/en\/refernce-mobilniho-pneuservisu-en\/asistence-na-karline-oprava-defektu-a-vymena-za-rezervu\/"},"wordCount":13,"commentCount":0,"image":{"@id":"https:\/\/www.servista.cz\/en\/refernce-mobilniho-pneuservisu-en\/asistence-na-karline-oprava-defektu-a-vymena-za-rezervu\/#primaryimage"},"thumbnailUrl":"https:\/\/www.servista.cz\/wp-content\/uploads\/2022\/02\/asistence-na-karline-oprava-defektu-a-vymena-za-rezervu-2.jpg","keywords":["mobiln\u00ed pneuservis"],"articleSection":["Refernce mobiln\u00edho pneuservisu"],"inLanguage":"en-US","potentialAction":[{"@type":"CommentAction","name":"Comment","target":["https:\/\/www.servista.cz\/en\/refernce-mobilniho-pneuservisu-en\/asistence-na-karline-oprava-defektu-a-vymena-za-rezervu\/#respond"]}]},{"@type":"WebPage","@id":"https:\/\/www.servista.cz\/en\/refernce-mobilniho-pneuservisu-en\/asistence-na-karline-oprava-defektu-a-vymena-za-rezervu\/","url":"https:\/\/www.servista.cz\/en\/refernce-mobilniho-pneuservisu-en\/asistence-na-karline-oprava-defektu-a-vymena-za-rezervu\/","name":"Asistence na Karl\u00edn\u011b - oprava defektu a v\u00fdm\u011bna za rezervu - SERVISTA","isPartOf":{"@id":"https:\/\/www.servista.cz\/en\/#website"},"primaryImageOfPage":{"@id":"https:\/\/www.servista.cz\/en\/refernce-mobilniho-pneuservisu-en\/asistence-na-karline-oprava-defektu-a-vymena-za-rezervu\/#primaryimage"},"image":{"@id":"https:\/\/www.servista.cz\/en\/refernce-mobilniho-pneuservisu-en\/asistence-na-karline-oprava-defektu-a-vymena-za-rezervu\/#primaryimage"},"thumbnailUrl":"https:\/\/www.servista.cz\/wp-content\/uploads\/2022\/02\/asistence-na-karline-oprava-defektu-a-vymena-za-rezervu-2.jpg","datePublished":"2023-03-25T01:55:47+00:00","author":{"@id":"https:\/\/www.servista.cz\/en\/#\/schema\/person\/ab6141afc37de491502d00e093ebb6f2"},"description":"Asistence na Karl\u00edn\u011b - oprava defektu a v\u00fdm\u011bna za rezervu ... Asistence na Karl\u00edn\u011b - oprava defektu a v\u00fdm\u011bna za rezervu ... mobiln\u00ed pneuservis","breadcrumb":{"@id":"https:\/\/www.servista.cz\/en\/refernce-mobilniho-pneuservisu-en\/asistence-na-karline-oprava-defektu-a-vymena-za-rezervu\/#breadcrumb"},"inLanguage":"en-US","potentialAction":[{"@type":"ReadAction","target":["https:\/\/www.servista.cz\/en\/refernce-mobilniho-pneuservisu-en\/asistence-na-karline-oprava-defektu-a-vymena-za-rezervu\/"]}]},{"@type":"ImageObject","inLanguage":"en-US","@id":"https:\/\/www.servista.cz\/en\/refernce-mobilniho-pneuservisu-en\/asistence-na-karline-oprava-defektu-a-vymena-za-rezervu\/#primaryimage","url":"https:\/\/www.servista.cz\/wp-content\/uploads\/2022\/02\/asistence-na-karline-oprava-defektu-a-vymena-za-rezervu-2.jpg","contentUrl":"https:\/\/www.servista.cz\/wp-content\/uploads\/2022\/02\/asistence-na-karline-oprava-defektu-a-vymena-za-rezervu-2.jpg","width":1920,"height":1440,"caption":"Asistence na Karl\u00edn\u011b - oprava defektu a v\u00fdm\u011bna za rezervu"},{"@type":"BreadcrumbList","@id":"https:\/\/www.servista.cz\/en\/refernce-mobilniho-pneuservisu-en\/asistence-na-karline-oprava-defektu-a-vymena-za-rezervu\/#breadcrumb","itemListElement":[{"@type":"ListItem","position":1,"name":"Dom\u016f","item":"https:\/\/www.servista.cz\/en\/"},{"@type":"ListItem","position":2,"name":"Asistence na Karl\u00edn\u011b &#8211; oprava defektu a v\u00fdm\u011bna za rezervu"}]},{"@type":"WebSite","@id":"https:\/\/www.servista.cz\/en\/#website","url":"https:\/\/www.servista.cz\/en\/","name":"SERVISTA","description":"Mobiln\u00ed pneuservis","potentialAction":[{"@type":"SearchAction","target":{"@type":"EntryPoint","urlTemplate":"https:\/\/www.servista.cz\/en\/?s={search_term_string}"},"query-input":{"@type":"PropertyValueSpecification","valueRequired":true,"valueName":"search_term_string"}}],"inLanguage":"en-US"},{"@type":"Person","@id":"https:\/\/www.servista.cz\/en\/#\/schema\/person\/ab6141afc37de491502d00e093ebb6f2","name":"Mideo","image":{"@type":"ImageObject","inLanguage":"en-US","@id":"https:\/\/secure.gravatar.com\/avatar\/9c7b50180d5b3689aa17d71eaa6b5af3d8df38ee2b6becd9df14eeba9b891378?s=96&d=mm&r=g","url":"https:\/\/secure.gravatar.com\/avatar\/9c7b50180d5b3689aa17d71eaa6b5af3d8df38ee2b6becd9df14eeba9b891378?s=96&d=mm&r=g","contentUrl":"https:\/\/secure.gravatar.com\/avatar\/9c7b50180d5b3689aa17d71eaa6b5af3d8df38ee2b6becd9df14eeba9b891378?s=96&d=mm&r=g","caption":"Mideo"},"url":"https:\/\/www.servista.cz\/en\/author\/mideo\/"}]}},"_links":{"self":[{"href":"https:\/\/www.servista.cz\/en\/wp-json\/wp\/v2\/posts\/1754","targetHints":{"allow":["GET"]}}],"collection":[{"href":"https:\/\/www.servista.cz\/en\/wp-json\/wp\/v2\/posts"}],"about":[{"href":"https:\/\/www.servista.cz\/en\/wp-json\/wp\/v2\/types\/post"}],"author":[{"embeddable":true,"href":"https:\/\/www.servista.cz\/en\/wp-json\/wp\/v2\/users\/4"}],"replies":[{"embeddable":true,"href":"https:\/\/www.servista.cz\/en\/wp-json\/wp\/v2\/comments?post=1754"}],"version-history":[{"count":0,"href":"https:\/\/www.servista.cz\/en\/wp-json\/wp\/v2\/posts\/1754\/revisions"}],"wp:featuredmedia":[{"embeddable":true,"href":"https:\/\/www.servista.cz\/en\/wp-json\/wp\/v2\/media\/1550"}],"wp:attachment":[{"href":"https:\/\/www.servista.cz\/en\/wp-json\/wp\/v2\/media?parent=1754"}],"wp:term":[{"taxonomy":"category","embeddable":true,"href":"https:\/\/www.servista.cz\/en\/wp-json\/wp\/v2\/categories?post=1754"},{"taxonomy":"post_tag","embeddable":true,"href":"https:\/\/www.servista.cz\/en\/wp-json\/wp\/v2\/tags?post=1754"}],"curies":[{"name":"wp","href":"https:\/\/api.w.org\/{rel}","templated":true}]}}