{"id":1755,"date":"2023-03-25T01:56:33","date_gmt":"2023-03-25T01:56:33","guid":{"rendered":"https:\/\/www.servista.cz\/uncategorized\/kdy-je-cas-na-prezuti-letnich-pneumatik\/"},"modified":"2023-03-25T01:56:33","modified_gmt":"2023-03-25T01:56:33","slug":"kdy-je-cas-na-prezuti-letnich-pneumatik","status":"publish","type":"post","link":"https:\/\/www.servista.cz\/en\/uncategorized\/kdy-je-cas-na-prezuti-letnich-pneumatik\/","title":{"rendered":"Kdy je \u010das na p\u0159ezut\u00ed letn\u00edch pneumatik?"},"content":{"rendered":"<p>U\u017e? Je\u0161t\u011b ne? Tak kdy vlastn\u011b nasadit ty let\u0148\u00e1ky? Z hlediska funk\u010dnosti a komfortn\u011bj\u0161\u00ed i ekonomi\u010dt\u011bj\u0161\u00ed j\u00edzdy by m\u011blo b\u00fdt letn\u00ed obut\u00ed kol v z\u00e1jmu ka\u017ed\u00e9ho majitele vozu. A to samoz\u0159ejm\u011b co nejd\u0159\u00edve to bude mo\u017en\u00e9. Podle \u010deho ur\u010dit spr\u00e1vn\u00fd \u010das a <a href=\"https:\/\/www.servista.cz\/mobilni-pneuservis-private\/\">objednat se na p\u0159ezut\u00ed do pneuservisu<\/a>? Je dobr\u00e9 \u0159\u00eddit se podle teploty, nebo podle z\u00e1kona? Poj\u010fme si to cel\u00e9 jasn\u011b a v\u011bcn\u011b shrnout:<\/p>\n<ul>\n<li>Doba, od kdy je mo\u017en\u00e9 nasadit letn\u00ed pneumatiky, se odv\u00edj\u00ed od z\u00e1konem stanoven\u00e9ho obdob\u00ed pro povinnost u\u017e\u00edv\u00e1n\u00ed pneumatik zimn\u00edch. Kdy p\u0159esn\u011b kon\u010d\u00ed?<\/li>\n<li>Zimn\u00ed pneumatiky jsou z\u00e1konem na\u0159\u00edzeny pou\u017e\u00edvat do 31. b\u0159ezna.<\/li>\n<li>Letn\u00ed pneumatiky je tedy mo\u017en\u00e9 nasadit, ani\u017e by hrozil postih, nejd\u0159\u00edve od 1. dubna.<\/li>\n<li>Dbejte p\u0159esto, pros\u00edme, tak\u00e9 na teplotn\u00ed situaci a jej\u00ed p\u0159edpoklady v m\u00edst\u011b va\u0161eho v\u00fdskytu. Rann\u00ed mraz\u00edky se toti\u017e kalend\u00e1\u0159em a z\u00e1konn\u00fdmi term\u00edny ne\u0159\u00edd\u00ed a n\u00e1m jde p\u0159edev\u0161\u00edm o celoro\u010dn\u00ed bezpe\u010dnou j\u00edzdu.<\/li>\n<li>U\u017e po\u010d\u00e1tky jara n\u00e1s mohou t\u011b\u0161it slune\u010dn\u00fdmi a tepl\u00fdmi dny, nicm\u00e9n\u011b rann\u00ed teploty st\u00e1le je\u0161t\u011b mohou klesat k nule. Vydr\u017ete.<\/li>\n<li>Sejmut\u00ed zimn\u00edch pneumatik nen\u00ed radno usp\u011bchat, p\u0159esto je samoz\u0159ejm\u011b vhodn\u00e9 je nesj\u00ed\u017ed\u011bt zbyte\u010dn\u011b dlouho. Nav\u00edc jsou hlu\u010dn\u011bj\u0161\u00ed, odr\u00e1\u017eej\u00ed se ve vy\u0161\u0161\u00ed spot\u0159eb\u011b a mimo jin\u00e9 maj\u00ed i del\u0161\u00ed brzdnou dr\u00e1hu a ni\u017e\u0161\u00ed p\u0159ilnavost k vozovce.<\/li>\n<li>\u010c\u00edm se tedy p\u0159i v\u00fdm\u011bn\u011b \u0159\u00eddit? Sledujte teplotu!<\/li>\n<li>Pro bezpe\u010dn\u00e9 p\u0159ezut\u00ed na letn\u00ed pneumatiky by m\u011bla venkovn\u00ed teplota oscilovat okolo 7 \u00b0C.<\/li>\n<li>V\u0161eobecn\u011b za\u010d\u00edn\u00e1 b\u00fdt ten spr\u00e1vn\u00fd \u010das pro nasazen\u00ed letn\u00edch gum v prvn\u00edch dubnov\u00fdch t\u00fddnech.<\/li>\n<li><a name=\"_GoBack\"><\/a> Jde o jedno ze dvou ro\u010dn\u00edch obdob\u00ed, kdy maj\u00ed pneuservisy opravdu na pilno. Chcete-li se vyhnout dlouh\u00e9 front\u011b, zarezervujte si letos p\u0159esn\u00fd term\u00edn v\u00fdm\u011bny s p\u0159edstihem.<\/li>\n<\/ul>\n","protected":false},"excerpt":{"rendered":"<p>U\u017e? Je\u0161t\u011b ne? Tak kdy vlastn\u011b nasadit ty let\u0148\u00e1ky? Z hlediska funk\u010dnosti a komfortn\u011bj\u0161\u00ed i ekonomi\u010dt\u011bj\u0161\u00ed j\u00edzdy by m\u011blo b\u00fdt letn\u00ed obut\u00ed kol v z\u00e1jmu ka\u017ed\u00e9ho majitele vozu. A to samoz\u0159ejm\u011b co nejd\u0159\u00edve to bude mo\u017en\u00e9. Podle \u010deho ur\u010dit spr\u00e1vn\u00fd \u010das a objednat se na p\u0159ezut\u00ed do pneuservisu? Je dobr\u00e9 \u0159\u00eddit se podle teploty, nebo [&hellip;]<\/p>\n","protected":false},"author":4,"featured_media":1331,"comment_status":"open","ping_status":"open","sticky":false,"template":"","format":"standard","meta":{"footnotes":""},"categories":[11],"tags":[],"class_list":["post-1755","post","type-post","status-publish","format-standard","has-post-thumbnail","hentry","category-uncategorized"],"yoast_head":"<!-- This site is optimized with the Yoast SEO plugin v27.5 - https:\/\/yoast.com\/product\/yoast-seo-wordpress\/ -->\n<title>Kdy je \u010das na p\u0159ezut\u00ed letn\u00edch pneumatik? - SERVISTA<\/title>\n<meta name=\"description\" content=\"U\u017e? Je\u0161t\u011b ne? Tak kdy vlastn\u011b nasadit ty let\u0148\u00e1ky? Z hlediska funk\u010dnosti a komfortn\u011bj\u0161\u00ed i ekonomi\u010dt\u011bj\u0161\u00ed j\u00edzdy by m\u011blo b\u00fdt letn\u00ed obut\u00ed kol v z\u00e1jmu ka\u017ed\u00e9ho majitele vozu. A to samoz\u0159ejm\u011b co nejd\u0159\u00edve to bude mo\u017en\u00e9.\" \/>\n<meta name=\"robots\" content=\"index, follow, max-snippet:-1, max-image-preview:large, max-video-preview:-1\" \/>\n<link rel=\"canonical\" href=\"https:\/\/www.servista.cz\/en\/uncategorized\/kdy-je-cas-na-prezuti-letnich-pneumatik\/\" \/>\n<meta property=\"og:locale\" content=\"en_US\" \/>\n<meta property=\"og:type\" content=\"article\" \/>\n<meta property=\"og:title\" content=\"Kdy je \u010das na p\u0159ezut\u00ed letn\u00edch pneumatik? - SERVISTA\" \/>\n<meta property=\"og:description\" content=\"U\u017e? Je\u0161t\u011b ne? Tak kdy vlastn\u011b nasadit ty let\u0148\u00e1ky? Z hlediska funk\u010dnosti a komfortn\u011bj\u0161\u00ed i ekonomi\u010dt\u011bj\u0161\u00ed j\u00edzdy by m\u011blo b\u00fdt letn\u00ed obut\u00ed kol v z\u00e1jmu ka\u017ed\u00e9ho majitele vozu. A to samoz\u0159ejm\u011b co nejd\u0159\u00edve to bude mo\u017en\u00e9.\" \/>\n<meta property=\"og:url\" content=\"https:\/\/www.servista.cz\/en\/uncategorized\/kdy-je-cas-na-prezuti-letnich-pneumatik\/\" \/>\n<meta property=\"og:site_name\" content=\"SERVISTA\" \/>\n<meta property=\"article:published_time\" content=\"2023-03-25T01:56:33+00:00\" \/>\n<meta property=\"og:image\" content=\"https:\/\/www.servista.cz\/wp-content\/uploads\/2021\/10\/mobilni-pneuservis-praha-05.jpg\" \/>\n\t<meta property=\"og:image:width\" content=\"1920\" \/>\n\t<meta property=\"og:image:height\" content=\"1282\" \/>\n\t<meta property=\"og:image:type\" content=\"image\/jpeg\" \/>\n<meta name=\"author\" content=\"Mideo\" \/>\n<meta name=\"twitter:card\" content=\"summary_large_image\" \/>\n<meta name=\"twitter:label1\" content=\"Written by\" \/>\n\t<meta name=\"twitter:data1\" content=\"Mideo\" \/>\n\t<meta name=\"twitter:label2\" content=\"Est. reading time\" \/>\n\t<meta name=\"twitter:data2\" content=\"2 minutes\" \/>\n<script type=\"application\/ld+json\" class=\"yoast-schema-graph\">{\"@context\":\"https:\\\/\\\/schema.org\",\"@graph\":[{\"@type\":\"Article\",\"@id\":\"https:\\\/\\\/www.servista.cz\\\/en\\\/uncategorized\\\/kdy-je-cas-na-prezuti-letnich-pneumatik\\\/#article\",\"isPartOf\":{\"@id\":\"https:\\\/\\\/www.servista.cz\\\/en\\\/uncategorized\\\/kdy-je-cas-na-prezuti-letnich-pneumatik\\\/\"},\"author\":{\"name\":\"Mideo\",\"@id\":\"https:\\\/\\\/www.servista.cz\\\/en\\\/#\\\/schema\\\/person\\\/ab6141afc37de491502d00e093ebb6f2\"},\"headline\":\"Kdy je \u010das na p\u0159ezut\u00ed letn\u00edch pneumatik?\",\"datePublished\":\"2023-03-25T01:56:33+00:00\",\"mainEntityOfPage\":{\"@id\":\"https:\\\/\\\/www.servista.cz\\\/en\\\/uncategorized\\\/kdy-je-cas-na-prezuti-letnich-pneumatik\\\/\"},\"wordCount\":362,\"commentCount\":0,\"image\":{\"@id\":\"https:\\\/\\\/www.servista.cz\\\/en\\\/uncategorized\\\/kdy-je-cas-na-prezuti-letnich-pneumatik\\\/#primaryimage\"},\"thumbnailUrl\":\"https:\\\/\\\/www.servista.cz\\\/wp-content\\\/uploads\\\/2021\\\/10\\\/mobilni-pneuservis-praha-05.jpg\",\"inLanguage\":\"en-US\",\"potentialAction\":[{\"@type\":\"CommentAction\",\"name\":\"Comment\",\"target\":[\"https:\\\/\\\/www.servista.cz\\\/en\\\/uncategorized\\\/kdy-je-cas-na-prezuti-letnich-pneumatik\\\/#respond\"]}]},{\"@type\":\"WebPage\",\"@id\":\"https:\\\/\\\/www.servista.cz\\\/en\\\/uncategorized\\\/kdy-je-cas-na-prezuti-letnich-pneumatik\\\/\",\"url\":\"https:\\\/\\\/www.servista.cz\\\/en\\\/uncategorized\\\/kdy-je-cas-na-prezuti-letnich-pneumatik\\\/\",\"name\":\"Kdy je \u010das na p\u0159ezut\u00ed letn\u00edch pneumatik? - SERVISTA\",\"isPartOf\":{\"@id\":\"https:\\\/\\\/www.servista.cz\\\/en\\\/#website\"},\"primaryImageOfPage\":{\"@id\":\"https:\\\/\\\/www.servista.cz\\\/en\\\/uncategorized\\\/kdy-je-cas-na-prezuti-letnich-pneumatik\\\/#primaryimage\"},\"image\":{\"@id\":\"https:\\\/\\\/www.servista.cz\\\/en\\\/uncategorized\\\/kdy-je-cas-na-prezuti-letnich-pneumatik\\\/#primaryimage\"},\"thumbnailUrl\":\"https:\\\/\\\/www.servista.cz\\\/wp-content\\\/uploads\\\/2021\\\/10\\\/mobilni-pneuservis-praha-05.jpg\",\"datePublished\":\"2023-03-25T01:56:33+00:00\",\"author\":{\"@id\":\"https:\\\/\\\/www.servista.cz\\\/en\\\/#\\\/schema\\\/person\\\/ab6141afc37de491502d00e093ebb6f2\"},\"description\":\"U\u017e? Je\u0161t\u011b ne? Tak kdy vlastn\u011b nasadit ty let\u0148\u00e1ky? Z hlediska funk\u010dnosti a komfortn\u011bj\u0161\u00ed i ekonomi\u010dt\u011bj\u0161\u00ed j\u00edzdy by m\u011blo b\u00fdt letn\u00ed obut\u00ed kol v z\u00e1jmu ka\u017ed\u00e9ho majitele vozu. A to samoz\u0159ejm\u011b co nejd\u0159\u00edve to bude mo\u017en\u00e9.\",\"breadcrumb\":{\"@id\":\"https:\\\/\\\/www.servista.cz\\\/en\\\/uncategorized\\\/kdy-je-cas-na-prezuti-letnich-pneumatik\\\/#breadcrumb\"},\"inLanguage\":\"en-US\",\"potentialAction\":[{\"@type\":\"ReadAction\",\"target\":[\"https:\\\/\\\/www.servista.cz\\\/en\\\/uncategorized\\\/kdy-je-cas-na-prezuti-letnich-pneumatik\\\/\"]}]},{\"@type\":\"ImageObject\",\"inLanguage\":\"en-US\",\"@id\":\"https:\\\/\\\/www.servista.cz\\\/en\\\/uncategorized\\\/kdy-je-cas-na-prezuti-letnich-pneumatik\\\/#primaryimage\",\"url\":\"https:\\\/\\\/www.servista.cz\\\/wp-content\\\/uploads\\\/2021\\\/10\\\/mobilni-pneuservis-praha-05.jpg\",\"contentUrl\":\"https:\\\/\\\/www.servista.cz\\\/wp-content\\\/uploads\\\/2021\\\/10\\\/mobilni-pneuservis-praha-05.jpg\",\"width\":1920,\"height\":1282,\"caption\":\"Hands only. Mechanic holding a tire at the repair garage. Replacement of winter and summer tires.\"},{\"@type\":\"BreadcrumbList\",\"@id\":\"https:\\\/\\\/www.servista.cz\\\/en\\\/uncategorized\\\/kdy-je-cas-na-prezuti-letnich-pneumatik\\\/#breadcrumb\",\"itemListElement\":[{\"@type\":\"ListItem\",\"position\":1,\"name\":\"Dom\u016f\",\"item\":\"https:\\\/\\\/www.servista.cz\\\/en\\\/\"},{\"@type\":\"ListItem\",\"position\":2,\"name\":\"Kdy je \u010das na p\u0159ezut\u00ed letn\u00edch pneumatik?\"}]},{\"@type\":\"WebSite\",\"@id\":\"https:\\\/\\\/www.servista.cz\\\/en\\\/#website\",\"url\":\"https:\\\/\\\/www.servista.cz\\\/en\\\/\",\"name\":\"SERVISTA\",\"description\":\"Mobiln\u00ed pneuservis\",\"potentialAction\":[{\"@type\":\"SearchAction\",\"target\":{\"@type\":\"EntryPoint\",\"urlTemplate\":\"https:\\\/\\\/www.servista.cz\\\/en\\\/?s={search_term_string}\"},\"query-input\":{\"@type\":\"PropertyValueSpecification\",\"valueRequired\":true,\"valueName\":\"search_term_string\"}}],\"inLanguage\":\"en-US\"},{\"@type\":\"Person\",\"@id\":\"https:\\\/\\\/www.servista.cz\\\/en\\\/#\\\/schema\\\/person\\\/ab6141afc37de491502d00e093ebb6f2\",\"name\":\"Mideo\",\"image\":{\"@type\":\"ImageObject\",\"inLanguage\":\"en-US\",\"@id\":\"https:\\\/\\\/secure.gravatar.com\\\/avatar\\\/9c7b50180d5b3689aa17d71eaa6b5af3d8df38ee2b6becd9df14eeba9b891378?s=96&d=mm&r=g\",\"url\":\"https:\\\/\\\/secure.gravatar.com\\\/avatar\\\/9c7b50180d5b3689aa17d71eaa6b5af3d8df38ee2b6becd9df14eeba9b891378?s=96&d=mm&r=g\",\"contentUrl\":\"https:\\\/\\\/secure.gravatar.com\\\/avatar\\\/9c7b50180d5b3689aa17d71eaa6b5af3d8df38ee2b6becd9df14eeba9b891378?s=96&d=mm&r=g\",\"caption\":\"Mideo\"},\"url\":\"https:\\\/\\\/www.servista.cz\\\/en\\\/author\\\/mideo\\\/\"}]}<\/script>\n<!-- \/ Yoast SEO plugin. -->","yoast_head_json":{"title":"Kdy je \u010das na p\u0159ezut\u00ed letn\u00edch pneumatik? - SERVISTA","description":"U\u017e? Je\u0161t\u011b ne? Tak kdy vlastn\u011b nasadit ty let\u0148\u00e1ky? Z hlediska funk\u010dnosti a komfortn\u011bj\u0161\u00ed i ekonomi\u010dt\u011bj\u0161\u00ed j\u00edzdy by m\u011blo b\u00fdt letn\u00ed obut\u00ed kol v z\u00e1jmu ka\u017ed\u00e9ho majitele vozu. A to samoz\u0159ejm\u011b co nejd\u0159\u00edve to bude mo\u017en\u00e9.","robots":{"index":"index","follow":"follow","max-snippet":"max-snippet:-1","max-image-preview":"max-image-preview:large","max-video-preview":"max-video-preview:-1"},"canonical":"https:\/\/www.servista.cz\/en\/uncategorized\/kdy-je-cas-na-prezuti-letnich-pneumatik\/","og_locale":"en_US","og_type":"article","og_title":"Kdy je \u010das na p\u0159ezut\u00ed letn\u00edch pneumatik? - SERVISTA","og_description":"U\u017e? Je\u0161t\u011b ne? Tak kdy vlastn\u011b nasadit ty let\u0148\u00e1ky? Z hlediska funk\u010dnosti a komfortn\u011bj\u0161\u00ed i ekonomi\u010dt\u011bj\u0161\u00ed j\u00edzdy by m\u011blo b\u00fdt letn\u00ed obut\u00ed kol v z\u00e1jmu ka\u017ed\u00e9ho majitele vozu. A to samoz\u0159ejm\u011b co nejd\u0159\u00edve to bude mo\u017en\u00e9.","og_url":"https:\/\/www.servista.cz\/en\/uncategorized\/kdy-je-cas-na-prezuti-letnich-pneumatik\/","og_site_name":"SERVISTA","article_published_time":"2023-03-25T01:56:33+00:00","og_image":[{"width":1920,"height":1282,"url":"https:\/\/www.servista.cz\/wp-content\/uploads\/2021\/10\/mobilni-pneuservis-praha-05.jpg","type":"image\/jpeg"}],"author":"Mideo","twitter_card":"summary_large_image","twitter_misc":{"Written by":"Mideo","Est. reading time":"2 minutes"},"schema":{"@context":"https:\/\/schema.org","@graph":[{"@type":"Article","@id":"https:\/\/www.servista.cz\/en\/uncategorized\/kdy-je-cas-na-prezuti-letnich-pneumatik\/#article","isPartOf":{"@id":"https:\/\/www.servista.cz\/en\/uncategorized\/kdy-je-cas-na-prezuti-letnich-pneumatik\/"},"author":{"name":"Mideo","@id":"https:\/\/www.servista.cz\/en\/#\/schema\/person\/ab6141afc37de491502d00e093ebb6f2"},"headline":"Kdy je \u010das na p\u0159ezut\u00ed letn\u00edch pneumatik?","datePublished":"2023-03-25T01:56:33+00:00","mainEntityOfPage":{"@id":"https:\/\/www.servista.cz\/en\/uncategorized\/kdy-je-cas-na-prezuti-letnich-pneumatik\/"},"wordCount":362,"commentCount":0,"image":{"@id":"https:\/\/www.servista.cz\/en\/uncategorized\/kdy-je-cas-na-prezuti-letnich-pneumatik\/#primaryimage"},"thumbnailUrl":"https:\/\/www.servista.cz\/wp-content\/uploads\/2021\/10\/mobilni-pneuservis-praha-05.jpg","inLanguage":"en-US","potentialAction":[{"@type":"CommentAction","name":"Comment","target":["https:\/\/www.servista.cz\/en\/uncategorized\/kdy-je-cas-na-prezuti-letnich-pneumatik\/#respond"]}]},{"@type":"WebPage","@id":"https:\/\/www.servista.cz\/en\/uncategorized\/kdy-je-cas-na-prezuti-letnich-pneumatik\/","url":"https:\/\/www.servista.cz\/en\/uncategorized\/kdy-je-cas-na-prezuti-letnich-pneumatik\/","name":"Kdy je \u010das na p\u0159ezut\u00ed letn\u00edch pneumatik? - SERVISTA","isPartOf":{"@id":"https:\/\/www.servista.cz\/en\/#website"},"primaryImageOfPage":{"@id":"https:\/\/www.servista.cz\/en\/uncategorized\/kdy-je-cas-na-prezuti-letnich-pneumatik\/#primaryimage"},"image":{"@id":"https:\/\/www.servista.cz\/en\/uncategorized\/kdy-je-cas-na-prezuti-letnich-pneumatik\/#primaryimage"},"thumbnailUrl":"https:\/\/www.servista.cz\/wp-content\/uploads\/2021\/10\/mobilni-pneuservis-praha-05.jpg","datePublished":"2023-03-25T01:56:33+00:00","author":{"@id":"https:\/\/www.servista.cz\/en\/#\/schema\/person\/ab6141afc37de491502d00e093ebb6f2"},"description":"U\u017e? Je\u0161t\u011b ne? Tak kdy vlastn\u011b nasadit ty let\u0148\u00e1ky? Z hlediska funk\u010dnosti a komfortn\u011bj\u0161\u00ed i ekonomi\u010dt\u011bj\u0161\u00ed j\u00edzdy by m\u011blo b\u00fdt letn\u00ed obut\u00ed kol v z\u00e1jmu ka\u017ed\u00e9ho majitele vozu. A to samoz\u0159ejm\u011b co nejd\u0159\u00edve to bude mo\u017en\u00e9.","breadcrumb":{"@id":"https:\/\/www.servista.cz\/en\/uncategorized\/kdy-je-cas-na-prezuti-letnich-pneumatik\/#breadcrumb"},"inLanguage":"en-US","potentialAction":[{"@type":"ReadAction","target":["https:\/\/www.servista.cz\/en\/uncategorized\/kdy-je-cas-na-prezuti-letnich-pneumatik\/"]}]},{"@type":"ImageObject","inLanguage":"en-US","@id":"https:\/\/www.servista.cz\/en\/uncategorized\/kdy-je-cas-na-prezuti-letnich-pneumatik\/#primaryimage","url":"https:\/\/www.servista.cz\/wp-content\/uploads\/2021\/10\/mobilni-pneuservis-praha-05.jpg","contentUrl":"https:\/\/www.servista.cz\/wp-content\/uploads\/2021\/10\/mobilni-pneuservis-praha-05.jpg","width":1920,"height":1282,"caption":"Hands only. Mechanic holding a tire at the repair garage. Replacement of winter and summer tires."},{"@type":"BreadcrumbList","@id":"https:\/\/www.servista.cz\/en\/uncategorized\/kdy-je-cas-na-prezuti-letnich-pneumatik\/#breadcrumb","itemListElement":[{"@type":"ListItem","position":1,"name":"Dom\u016f","item":"https:\/\/www.servista.cz\/en\/"},{"@type":"ListItem","position":2,"name":"Kdy je \u010das na p\u0159ezut\u00ed letn\u00edch pneumatik?"}]},{"@type":"WebSite","@id":"https:\/\/www.servista.cz\/en\/#website","url":"https:\/\/www.servista.cz\/en\/","name":"SERVISTA","description":"Mobiln\u00ed pneuservis","potentialAction":[{"@type":"SearchAction","target":{"@type":"EntryPoint","urlTemplate":"https:\/\/www.servista.cz\/en\/?s={search_term_string}"},"query-input":{"@type":"PropertyValueSpecification","valueRequired":true,"valueName":"search_term_string"}}],"inLanguage":"en-US"},{"@type":"Person","@id":"https:\/\/www.servista.cz\/en\/#\/schema\/person\/ab6141afc37de491502d00e093ebb6f2","name":"Mideo","image":{"@type":"ImageObject","inLanguage":"en-US","@id":"https:\/\/secure.gravatar.com\/avatar\/9c7b50180d5b3689aa17d71eaa6b5af3d8df38ee2b6becd9df14eeba9b891378?s=96&d=mm&r=g","url":"https:\/\/secure.gravatar.com\/avatar\/9c7b50180d5b3689aa17d71eaa6b5af3d8df38ee2b6becd9df14eeba9b891378?s=96&d=mm&r=g","contentUrl":"https:\/\/secure.gravatar.com\/avatar\/9c7b50180d5b3689aa17d71eaa6b5af3d8df38ee2b6becd9df14eeba9b891378?s=96&d=mm&r=g","caption":"Mideo"},"url":"https:\/\/www.servista.cz\/en\/author\/mideo\/"}]}},"_links":{"self":[{"href":"https:\/\/www.servista.cz\/en\/wp-json\/wp\/v2\/posts\/1755","targetHints":{"allow":["GET"]}}],"collection":[{"href":"https:\/\/www.servista.cz\/en\/wp-json\/wp\/v2\/posts"}],"about":[{"href":"https:\/\/www.servista.cz\/en\/wp-json\/wp\/v2\/types\/post"}],"author":[{"embeddable":true,"href":"https:\/\/www.servista.cz\/en\/wp-json\/wp\/v2\/users\/4"}],"replies":[{"embeddable":true,"href":"https:\/\/www.servista.cz\/en\/wp-json\/wp\/v2\/comments?post=1755"}],"version-history":[{"count":0,"href":"https:\/\/www.servista.cz\/en\/wp-json\/wp\/v2\/posts\/1755\/revisions"}],"wp:featuredmedia":[{"embeddable":true,"href":"https:\/\/www.servista.cz\/en\/wp-json\/wp\/v2\/media\/1331"}],"wp:attachment":[{"href":"https:\/\/www.servista.cz\/en\/wp-json\/wp\/v2\/media?parent=1755"}],"wp:term":[{"taxonomy":"category","embeddable":true,"href":"https:\/\/www.servista.cz\/en\/wp-json\/wp\/v2\/categories?post=1755"},{"taxonomy":"post_tag","embeddable":true,"href":"https:\/\/www.servista.cz\/en\/wp-json\/wp\/v2\/tags?post=1755"}],"curies":[{"name":"wp","href":"https:\/\/api.w.org\/{rel}","templated":true}]}}